{"id":398,"date":"2025-04-28T08:07:49","date_gmt":"2025-04-28T08:07:49","guid":{"rendered":"https:\/\/onebiz.themeht.com\/?p=398"},"modified":"2025-04-30T16:23:17","modified_gmt":"2025-04-30T16:23:17","slug":"amediabetes-update","status":"publish","type":"post","link":"https:\/\/digitaldiabetes.srl\/?p=398","title":{"rendered":"AME Diabetes Update"},"content":{"rendered":"\t\t<div data-elementor-type=\"wp-post\" data-elementor-id=\"398\" class=\"elementor elementor-398\" data-elementor-post-type=\"post\">\n\t\t\t\t\t\t<section class=\"elementor-section elementor-top-section elementor-element elementor-element-0c81286 elementor-section-boxed elementor-section-height-default elementor-section-height-default default\" data-id=\"0c81286\" data-element_type=\"section\" data-e-type=\"section\">\n\t\t\t\t\t\t<div class=\"elementor-container elementor-column-gap-no\">\n\t\t\t\t\t<div class=\"elementor-column elementor-col-100 elementor-top-column elementor-element elementor-element-47fa8ef\" data-id=\"47fa8ef\" data-element_type=\"column\" data-e-type=\"column\">\n\t\t\t<div class=\"elementor-widget-wrap elementor-element-populated\">\n\t\t\t\t\t\t<div class=\"elementor-element elementor-element-1fc872a elementor-widget elementor-widget-text-editor\" data-id=\"1fc872a\" data-element_type=\"widget\" data-e-type=\"widget\" data-widget_type=\"text-editor.default\">\n\t\t\t\t<div class=\"elementor-widget-container\">\n\t\t\t\t\t\t\t\t\t<h3 class=\"\" data-start=\"115\" data-end=\"210\">9th AME Diabetes Update: Fra Linee Guida e Frontiere Terapeutiche \u2013 Milano, 6-7 Giugno 2025<\/h3><p class=\"\" data-start=\"212\" data-end=\"714\"><strong data-start=\"212\" data-end=\"239\">Milano, 6-7 Giugno 2025<\/strong> \u2013 \u00c8 con grande entusiasmo che annunciamo la nona edizione del congresso <strong data-start=\"312\" data-end=\"383\">&#8220;9th AME Diabetes Update: Fra Linee Guida e Frontiere Terapeutiche&#8221;<\/strong>, che si terr\u00e0 il <strong data-start=\"401\" data-end=\"420\">6-7 giugno 2025<\/strong> a Milano, presso il <strong data-start=\"441\" data-end=\"460\">Starhotels Ritz<\/strong>. Questo evento annuale rappresenta un\u2019importante opportunit\u00e0 di aggiornamento per tutti i professionisti del settore, con un focus sulle pi\u00f9 recenti novit\u00e0 terapeutiche, le linee guida aggiornate e le frontiere della ricerca nel trattamento del diabete.<\/p><p class=\"\" data-start=\"716\" data-end=\"1332\"><strong data-start=\"716\" data-end=\"831\">Pre-Corso \u2013 5 Giugno 2025: &#8220;Hands-On: Il Cambiamento \u2013 Dal Monitoraggio Glicemico all&#8217;Intelligenza Artificiale&#8221;<\/strong><br data-start=\"831\" data-end=\"834\" \/>L\u2019edizione di quest\u2019anno prevede un <strong data-start=\"870\" data-end=\"892\">pre-corso Hands-On<\/strong> il <strong data-start=\"896\" data-end=\"913\">5 giugno 2025<\/strong>, un\u2019opportunit\u00e0 esclusiva di formazione pratica per un numero limitato di partecipanti (30 medici e 10 infermieri). Durante il corso, esperti del settore guideranno i partecipanti in un&#8217;esperienza di aggiornamento pratico e interattivo sulle ultime innovazioni tecnologiche in ambito diabetologico, dall\u2019uso avanzato del monitoraggio glicemico all&#8217;applicazione dell\u2019intelligenza artificiale nella gestione del diabete.<\/p><p class=\"\" data-start=\"1334\" data-end=\"1360\"><strong data-start=\"1334\" data-end=\"1360\">Programma Preliminare:<\/strong><\/p><p class=\"\" data-start=\"1362\" data-end=\"1479\"><strong data-start=\"1362\" data-end=\"1414\">Gioved\u00ec 5 Giugno 2025 &#8211; Hands-On: Il Cambiamento<\/strong><br data-start=\"1414\" data-end=\"1417\" \/><em data-start=\"1417\" data-end=\"1479\">Corso a numero chiuso, riservato a 30 medici e 10 infermieri<\/em><\/p><p class=\"\" data-start=\"1481\" data-end=\"1726\">13:50 &#8211; 14:00 | Registrazione<br data-start=\"1510\" data-end=\"1513\" \/>14:00 &#8211; 14:30 | Introduzione agli obiettivi formativi del corso (Olga Eugenia Disoteo, Francesco Tassone)<br data-start=\"1618\" data-end=\"1621\" \/>14:30 &#8211; 16:30 | <strong data-start=\"1637\" data-end=\"1677\">La tecnologia nei momenti della vita<\/strong><br data-start=\"1677\" data-end=\"1680\" \/>Moderatori: Barbara Guazzini, Paola Morpurgo<\/p><ul data-start=\"1727\" data-end=\"2328\"><li class=\"\" data-start=\"1727\" data-end=\"1759\"><p class=\"\" data-start=\"1729\" data-end=\"1759\">Sport: Silvia Irina Briganti<\/p><\/li><li class=\"\" data-start=\"1760\" data-end=\"1798\"><p class=\"\" data-start=\"1762\" data-end=\"1798\">Studio e lavoro: Francesca Pesenti<\/p><\/li><li class=\"\" data-start=\"1799\" data-end=\"1834\"><p class=\"\" data-start=\"1801\" data-end=\"1834\">Gravidanza: Daniela Bruttomesso<\/p><\/li><li class=\"\" data-start=\"1835\" data-end=\"2066\"><p class=\"\" data-start=\"1837\" data-end=\"2066\">Malattie intercorrenti: Silvia Taroni<br data-start=\"1874\" data-end=\"1877\" \/>Esercitazioni pratiche, simulazioni e casi clinici<br data-start=\"1927\" data-end=\"1930\" \/>16:30 &#8211; 16:45 | Coffee break<br data-start=\"1958\" data-end=\"1961\" \/>16:45 &#8211; 18:45 | <strong data-start=\"1977\" data-end=\"2010\">La tecnologia in progressione<\/strong><br data-start=\"2010\" data-end=\"2013\" \/>Moderatori: Olga Eugenia Disoteo, Francesco Tassone<\/p><\/li><li class=\"\" data-start=\"2067\" data-end=\"2128\"><p class=\"\" data-start=\"2069\" data-end=\"2128\">Nella persona con diabete secondario: Elisabetta Marchesi<\/p><\/li><li class=\"\" data-start=\"2129\" data-end=\"2182\"><p class=\"\" data-start=\"2131\" data-end=\"2182\">Nella persona con diabete tipo 2: Daniela Ingann\u00e8<\/p><\/li><li class=\"\" data-start=\"2183\" data-end=\"2229\"><p class=\"\" data-start=\"2185\" data-end=\"2229\">Nella persona in dialisi: Isabella Ramunni<\/p><\/li><li class=\"\" data-start=\"2230\" data-end=\"2328\"><p class=\"\" data-start=\"2232\" data-end=\"2328\">Intelligenza artificiale: Davide Brancato<br data-start=\"2273\" data-end=\"2276\" \/>Esercitazioni pratiche, simulazioni e casi clinici<\/p><\/li><\/ul><p class=\"\" data-start=\"2330\" data-end=\"2356\"><strong data-start=\"2330\" data-end=\"2356\">Venerd\u00ec 6 Giugno 2025:<\/strong><\/p><p class=\"\" data-start=\"2358\" data-end=\"2619\">08:00 &#8211; 08:30 | Registrazione e welcome coffee<br data-start=\"2404\" data-end=\"2407\" \/>08:30 &#8211; 08:45 | Introduzione agli obiettivi formativi del corso (Olga Eugenia Disoteo, Andrea Frasoldati)<br data-start=\"2512\" data-end=\"2515\" \/>08:45 &#8211; 10:00 | <strong data-start=\"2531\" data-end=\"2570\">Simposio Pre-Diabete: Mito o Realt\u00e0<\/strong><br data-start=\"2570\" data-end=\"2573\" \/>Moderatori: Giorgio Borretta, Simona Bertoli<\/p><ul data-start=\"2620\" data-end=\"4350\"><li class=\"\" data-start=\"2620\" data-end=\"2666\"><p class=\"\" data-start=\"2622\" data-end=\"2666\">Prevenire la progressione: Sandra Di Marco<\/p><\/li><li class=\"\" data-start=\"2667\" data-end=\"2725\"><p class=\"\" data-start=\"2669\" data-end=\"2725\">Fattore di rischio cardio-nefro-metabolico: Livio Luzi<\/p><\/li><li class=\"\" data-start=\"2726\" data-end=\"2904\"><p class=\"\" data-start=\"2728\" data-end=\"2904\">Alle sorgenti del diabete: MASLD: Vincenzo Cimino<br data-start=\"2777\" data-end=\"2780\" \/>Discussione interattiva<br data-start=\"2803\" data-end=\"2806\" \/>10:00 &#8211; 11:00 | <strong data-start=\"2822\" data-end=\"2858\">Dieta e NutraCeutica (con SINUT)<\/strong><br data-start=\"2858\" data-end=\"2861\" \/>Moderatori: Nicola Miglino, Marcello Orio<\/p><\/li><li class=\"\" data-start=\"2905\" data-end=\"3161\"><p class=\"\" data-start=\"2907\" data-end=\"3161\">Dieta chetogenica e nutraceutica nella prevenzione del diabete<br data-start=\"2969\" data-end=\"2972\" \/>Questions and Answers: Nadia Cerutti, Arrigo Cicero<br data-start=\"3023\" data-end=\"3026\" \/>11:00 &#8211; 11:30 | Coffee break<br data-start=\"3054\" data-end=\"3057\" \/>11:30 &#8211; 12:45 | <strong data-start=\"3073\" data-end=\"3107\">Simposio: Il Diabete di Tipo 1<\/strong><br data-start=\"3107\" data-end=\"3110\" \/>Moderatori: Davide Brancato, Olga Eugenia Disoteo<\/p><\/li><li class=\"\" data-start=\"3162\" data-end=\"3207\"><p class=\"\" data-start=\"3164\" data-end=\"3207\">Meccanismi fisiopatologici: Paolo Fiorina<\/p><\/li><li class=\"\" data-start=\"3208\" data-end=\"3280\"><p class=\"\" data-start=\"3210\" data-end=\"3280\">Trattamenti farmacologici per ritardare l\u2019esordio: Francesca d\u2019Addio<\/p><\/li><li class=\"\" data-start=\"3281\" data-end=\"3522\"><p class=\"\" data-start=\"3283\" data-end=\"3522\">LADA: dai fenotipi clinici alla terapia: Maurizio Rondinelli<br data-start=\"3343\" data-end=\"3346\" \/>Discussione interattiva<br data-start=\"3369\" data-end=\"3372\" \/>12:45 &#8211; 13:30 | Lunch<br data-start=\"3393\" data-end=\"3396\" \/>13:30 &#8211; 15:00 | <strong data-start=\"3412\" data-end=\"3467\">Simposio Farmaci per il Diabete Tipo 2: Le Certezze<\/strong><br data-start=\"3467\" data-end=\"3470\" \/>Moderatori: Loredana Bucciarelli, Francesca Garino<\/p><\/li><li class=\"\" data-start=\"3523\" data-end=\"3586\"><p class=\"\" data-start=\"3525\" data-end=\"3586\">Inibitori di DPP-4: riscoprire l\u2019efficacia: Clemente Giglio<\/p><\/li><li class=\"\" data-start=\"3587\" data-end=\"3673\"><p class=\"\" data-start=\"3589\" data-end=\"3673\">Inibitori di SGLT 1-2: trattamento precoce e delle complicanze: Silvio Settembrini<\/p><\/li><li class=\"\" data-start=\"3674\" data-end=\"3731\"><p class=\"\" data-start=\"3676\" data-end=\"3731\">GLP-1 RA: dagli iniettivi agli orali: Marco Chianelli<\/p><\/li><li class=\"\" data-start=\"3732\" data-end=\"4350\"><p class=\"\" data-start=\"3734\" data-end=\"4350\">GLP-1 RA e GIP RA: una nuova classe: Olga Eugenia Disoteo<br data-start=\"3791\" data-end=\"3794\" \/>Discussione interattiva<br data-start=\"3817\" data-end=\"3820\" \/>15:00 &#8211; 15:45 | <strong data-start=\"3836\" data-end=\"3925\">Terapia Insulinica nel Diabete Tipo 2: Seguire la Tradizione, Cavalcare l\u2019Innovazione<\/strong><br data-start=\"3925\" data-end=\"3928\" \/>Moderatori: Silvia Irina Briganti, Vincenzo Triggiani<br data-start=\"3981\" data-end=\"3984\" \/>Speakers: Leonardo Russo, Francesco Tassone<br data-start=\"4027\" data-end=\"4030\" \/>15:45 &#8211; 16:15 | Coffee break<br data-start=\"4058\" data-end=\"4061\" \/>16:15 &#8211; 17:45 | <strong data-start=\"4077\" data-end=\"4095\">Punti di Vista<\/strong> &#8211; Doppia e tripla inibizione, Associazione iSGLT 1-2 e Finerenone<br data-start=\"4161\" data-end=\"4164\" \/>Moderatori: Alberto Montoli, Antonio Mafrici<br data-start=\"4208\" data-end=\"4211\" \/>Speaker: Lucia Del Vecchio, Andrea Vecchi<br data-start=\"4252\" data-end=\"4255\" \/>18:00 &#8211; 19:00 | <strong data-start=\"4271\" data-end=\"4296\">Simposi Sponsorizzati<\/strong><br data-start=\"4296\" data-end=\"4299\" \/>19:00 | Conclusione dei lavori della prima giornata<\/p><\/li><\/ul><p class=\"\" data-start=\"4352\" data-end=\"4377\"><strong data-start=\"4352\" data-end=\"4377\">Sabato 7 Giugno 2025:<\/strong><\/p><p class=\"\" data-start=\"4379\" data-end=\"4894\">08:30 &#8211; 09:15 | <strong data-start=\"4395\" data-end=\"4430\">Complicanze nel Diabete Mellito<\/strong><br data-start=\"4430\" data-end=\"4433\" \/>Moderatori: Valentina Izzo, Isabella Ramunni<br data-start=\"4477\" data-end=\"4480\" \/>Speaker: Claudia Corazza, Marcello Orio<br data-start=\"4519\" data-end=\"4522\" \/>09:15 &#8211; 10:15 | <strong data-start=\"4538\" data-end=\"4583\">Oltre il Diabete: Trattare le Comorbilit\u00e0<\/strong><br data-start=\"4583\" data-end=\"4586\" \/>Moderatori: Fabio Lucio Albini, Stefano Carugo<br data-start=\"4632\" data-end=\"4635\" \/>Conduttore: Anna Nelva<br data-start=\"4657\" data-end=\"4660\" \/>Discussants: Silvia Acquati, Salvatore Endrio Oleandri, Silvia Taroni<br data-start=\"4729\" data-end=\"4732\" \/>10:15 &#8211; 10:45 | Coffee break<br data-start=\"4760\" data-end=\"4763\" \/>10:45 &#8211; 12:00 | <strong data-start=\"4779\" data-end=\"4837\">Simposio: Gestione del Diabete in Gravidanza (con AMD)<\/strong><br data-start=\"4837\" data-end=\"4840\" \/>Moderatori: Olga Eugenia Disoteo, Elisabetta Torlone<\/p><ul data-start=\"4895\" data-end=\"5367\"><li class=\"\" data-start=\"4895\" data-end=\"4974\"><p class=\"\" data-start=\"4897\" data-end=\"4974\">Diabete gestazionale: inquadramento e target di trattamento: Paola Morpurgo<\/p><\/li><li class=\"\" data-start=\"4975\" data-end=\"5083\"><p class=\"\" data-start=\"4977\" data-end=\"5083\">Terapie tradizionali e non nella persona con diabete gestazionale e con diabete tipo 2: Paola Pantanetti<\/p><\/li><li class=\"\" data-start=\"5084\" data-end=\"5367\"><p class=\"\" data-start=\"5086\" data-end=\"5367\">Tecnologia in gravidanza: Annunziata Lapolla<br data-start=\"5130\" data-end=\"5133\" \/>Discussione interattiva<br data-start=\"5156\" data-end=\"5159\" \/>12:00 &#8211; 13:30 | <strong data-start=\"5175\" data-end=\"5195\">Dubbi e Certezze<\/strong><br data-start=\"5195\" data-end=\"5198\" \/>Moderatori: Silvia Acquati, Giuseppe Lisco<br data-start=\"5240\" data-end=\"5243\" \/>Conduttore: Baldassarre Grassa<br data-start=\"5273\" data-end=\"5276\" \/>Discussants: Carlo Casile, Micaela Cuttica, Barbara Pirali<br data-start=\"5334\" data-end=\"5337\" \/>13:30 | Conclusione dei lavori<\/p><\/li><\/ul><hr class=\"\" data-start=\"5369\" data-end=\"5372\" \/><p class=\"\" data-start=\"5374\" data-end=\"5400\"><strong data-start=\"5374\" data-end=\"5398\">Quote di Iscrizione:<\/strong><\/p><ul data-start=\"5401\" data-end=\"6162\"><li class=\"\" data-start=\"5401\" data-end=\"5777\"><p class=\"\" data-start=\"5403\" data-end=\"5449\"><strong data-start=\"5403\" data-end=\"5447\">Solo Congresso (entro il 14 marzo 2025):<\/strong><\/p><ul data-start=\"5452\" data-end=\"5777\"><li class=\"\" data-start=\"5452\" data-end=\"5509\"><p class=\"\" data-start=\"5454\" data-end=\"5509\">Soci AME: \u20ac450,00 IVA inclusa (\u20ac500 dopo il 14 marzo)<\/p><\/li><li class=\"\" data-start=\"5512\" data-end=\"5578\"><p class=\"\" data-start=\"5514\" data-end=\"5578\">Soci AME under 35: \u20ac250,00 IVA inclusa (\u20ac270 dopo il 14 marzo)<\/p><\/li><li class=\"\" data-start=\"5581\" data-end=\"5642\"><p class=\"\" data-start=\"5583\" data-end=\"5642\">Non Soci AME: \u20ac500,00 IVA inclusa (\u20ac550 dopo il 14 marzo)<\/p><\/li><li class=\"\" data-start=\"5645\" data-end=\"5715\"><p class=\"\" data-start=\"5647\" data-end=\"5715\">Non Soci AME under 35: \u20ac300,00 IVA inclusa (\u20ac350 dopo il 14 marzo)<\/p><\/li><li class=\"\" data-start=\"5718\" data-end=\"5777\"><p class=\"\" data-start=\"5720\" data-end=\"5777\">Infermieri: \u20ac100,00 IVA inclusa (\u20ac150 dopo il 14 marzo)<\/p><\/li><\/ul><\/li><li class=\"\" data-start=\"5779\" data-end=\"6162\"><p class=\"\" data-start=\"5781\" data-end=\"5834\"><strong data-start=\"5781\" data-end=\"5832\">Pre-Corso + Congresso (entro il 14 marzo 2025):<\/strong><\/p><ul data-start=\"5837\" data-end=\"6162\"><li class=\"\" data-start=\"5837\" data-end=\"5894\"><p class=\"\" data-start=\"5839\" data-end=\"5894\">Soci AME: \u20ac550,00 IVA inclusa (\u20ac600 dopo il 14 marzo)<\/p><\/li><li class=\"\" data-start=\"5897\" data-end=\"5963\"><p class=\"\" data-start=\"5899\" data-end=\"5963\">Soci AME under 35: \u20ac350,00 IVA inclusa (\u20ac370 dopo il 14 marzo)<\/p><\/li><li class=\"\" data-start=\"5966\" data-end=\"6027\"><p class=\"\" data-start=\"5968\" data-end=\"6027\">Non Soci AME: \u20ac600,00 IVA inclusa (\u20ac650 dopo il 14 marzo)<\/p><\/li><li class=\"\" data-start=\"6030\" data-end=\"6100\"><p class=\"\" data-start=\"6032\" data-end=\"6100\">Non Soci AME under 35: \u20ac400,00 IVA inclusa (\u20ac450 dopo il 14 marzo)<\/p><\/li><li class=\"\" data-start=\"6103\" data-end=\"6162\"><p class=\"\" data-start=\"6105\" data-end=\"6162\">Infermieri: \u20ac150,00 IVA inclusa (\u20ac200 dopo il 14 marzo)<\/p><\/li><\/ul><\/li><\/ul><p class=\"\" data-start=\"6164\" data-end=\"6223\"><strong data-start=\"6164\" data-end=\"6223\">Il termine ultimo per le iscrizioni \u00e8 il 9 maggio 2025.<\/strong><\/p><hr class=\"\" data-start=\"6225\" data-end=\"6228\" \/><p class=\"\" data-start=\"6230\" data-end=\"6305\"><strong data-start=\"6230\" data-end=\"6253\">Sede del Congresso:<\/strong><br data-start=\"6253\" data-end=\"6256\" \/>Starhotels Ritz, Via Spallanzani 40, 20129 Milano<\/p><p class=\"\" data-start=\"6307\" data-end=\"6539\"><strong data-start=\"6307\" data-end=\"6336\">Segreteria Organizzativa:<\/strong><br data-start=\"6336\" data-end=\"6339\" \/>Nord Est Congressi, Via Portanuova 3, 33100 Udine<br data-start=\"6388\" data-end=\"6391\" \/>Tel. 0432 21391 | Fax 0432 506687<br data-start=\"6424\" data-end=\"6427\" \/>Email: <a rel=\"noopener\" data-start=\"6434\" data-end=\"6470\">federica.vescini@nordestcongressi.it<\/a><br data-start=\"6470\" data-end=\"6473\" \/>Website: <a class=\"\" href=\"http:\/\/www.nordestcongressi.it\" target=\"_new\" rel=\"noopener\" data-start=\"6482\" data-end=\"6539\">www.nordestcongressi.it<\/a><\/p>\t\t\t\t\t\t\t\t<\/div>\n\t\t\t\t<\/div>\n\t\t\t\t\t<\/div>\n\t\t<\/div>\n\t\t\t\t\t<\/div>\n\t\t<\/section>\n\t\t\t\t<\/div>\n\t\t","protected":false},"excerpt":{"rendered":"<p>9th AME Diabetes Update: Fra Linee Guida e Frontiere Terapeutiche \u2013 Milano, 6-7 Giugno 2025<\/p>\n<p>Milano, 6-7 Giugno 2025 \u2013 \u00c8 con grande entusiasmo che annunciamo la nona edizione del congresso &#8220;9th AME Diabetes Update: Fra Linee Guida e Frontiere Terapeutiche&#8221;, che si terr\u00e0 il 6-7 giugno 2025 a Milano, presso il Starhotels Ritz. Questo evento annuale rappresenta un\u2019importante opportunit\u00e0 di aggiornamento per tutti i professionisti del settore, con un focus sulle pi\u00f9 recenti novit\u00e0 terapeutiche, le linee guida aggiornate e le frontiere della ricerca nel trattamento del diabete.<\/p>\n","protected":false},"author":2,"featured_media":10019,"comment_status":"closed","ping_status":"closed","sticky":false,"template":"","format":"standard","meta":{"_acf_changed":false,"footnotes":""},"categories":[2],"tags":[30,31],"class_list":["post-398","post","type-post","status-publish","format-standard","has-post-thumbnail","hentry","category-eventi","tag-diabete","tag-evento-internazionale"],"acf":[],"_links":{"self":[{"href":"https:\/\/digitaldiabetes.srl\/index.php?rest_route=\/wp\/v2\/posts\/398","targetHints":{"allow":["GET"]}}],"collection":[{"href":"https:\/\/digitaldiabetes.srl\/index.php?rest_route=\/wp\/v2\/posts"}],"about":[{"href":"https:\/\/digitaldiabetes.srl\/index.php?rest_route=\/wp\/v2\/types\/post"}],"author":[{"embeddable":true,"href":"https:\/\/digitaldiabetes.srl\/index.php?rest_route=\/wp\/v2\/users\/2"}],"replies":[{"embeddable":true,"href":"https:\/\/digitaldiabetes.srl\/index.php?rest_route=%2Fwp%2Fv2%2Fcomments&post=398"}],"version-history":[{"count":9,"href":"https:\/\/digitaldiabetes.srl\/index.php?rest_route=\/wp\/v2\/posts\/398\/revisions"}],"predecessor-version":[{"id":10020,"href":"https:\/\/digitaldiabetes.srl\/index.php?rest_route=\/wp\/v2\/posts\/398\/revisions\/10020"}],"wp:featuredmedia":[{"embeddable":true,"href":"https:\/\/digitaldiabetes.srl\/index.php?rest_route=\/wp\/v2\/media\/10019"}],"wp:attachment":[{"href":"https:\/\/digitaldiabetes.srl\/index.php?rest_route=%2Fwp%2Fv2%2Fmedia&parent=398"}],"wp:term":[{"taxonomy":"category","embeddable":true,"href":"https:\/\/digitaldiabetes.srl\/index.php?rest_route=%2Fwp%2Fv2%2Fcategories&post=398"},{"taxonomy":"post_tag","embeddable":true,"href":"https:\/\/digitaldiabetes.srl\/index.php?rest_route=%2Fwp%2Fv2%2Ftags&post=398"}],"curies":[{"name":"wp","href":"https:\/\/api.w.org\/{rel}","templated":true}]}}